{"id":763,"date":"2011-12-08T15:49:52","date_gmt":"2011-12-08T14:49:52","guid":{"rendered":"http:\/\/www.sturmtifo.com\/wordpress\/?p=763"},"modified":"2011-12-09T18:20:47","modified_gmt":"2011-12-09T17:20:47","slug":"charity-turnier-mit-christian-gratzei","status":"publish","type":"post","link":"https:\/\/www.sturmtifo.com\/wordpress\/charity-turnier-mit-christian-gratzei\/","title":{"rendered":"Charity-Turnier mit Christian Gratzei"},"content":{"rendered":"<p><a href=\"http:\/\/www.sturmtifo.com\/wordpress\/wp-content\/uploads\/2011\/12\/charity_turnier_flyer-druck.jpg\"><img loading=\"lazy\" decoding=\"async\" src=\"http:\/\/www.sturmtifo.com\/wordpress\/wp-content\/uploads\/2011\/12\/charity_turnier_flyer-druck-212x300.jpg\" alt=\"\" title=\"charity_turnier_flyer-druck\" width=\"212\" height=\"300\" class=\"alignleft size-medium wp-image-764\" srcset=\"https:\/\/www.sturmtifo.com\/wordpress\/wp-content\/uploads\/2011\/12\/charity_turnier_flyer-druck-212x300.jpg 212w, https:\/\/www.sturmtifo.com\/wordpress\/wp-content\/uploads\/2011\/12\/charity_turnier_flyer-druck.jpg 662w\" sizes=\"auto, (max-width: 212px) 100vw, 212px\" \/><\/a>Am 10.12. (Beginn 11:30 Uhr) findet in der ASV\u00d6 Posthalle ein Charity-Fu\u00dfballturnier steirischer Unternehmen statt, der Erl\u00f6s kommt der sozialen Einrichtung <a href=\"http:\/\/www.chanceb.at\" target=\"_blank\">Chance B<\/a> zugute, die Menschen mit Behinderung betreut. Prominenter Unterst\u00fctzer des Turniers ist Sturm-Goalie <a href=\"http:\/\/www.gratzei.com\" target=\"_blank\">Christian Gratzei<\/a>, der auch vor Ort dabei sein wird.<\/p>\n<p>Flyer <a href=\"http:\/\/www.sturmtifo.com\/wordpress\/wp-content\/uploads\/2011\/12\/charity_turnier_flyer-druck.jpg\" target=\"_blank\">ANSEHEN<\/a><\/p>\n","protected":false},"excerpt":{"rendered":"<p>Am 10.12. (Beginn 11:30 Uhr) findet in der ASV\u00d6 Posthalle ein Charity-Fu\u00dfballturnier steirischer Unternehmen statt, der Erl\u00f6s kommt der sozialen Einrichtung Chance B zugute, die Menschen mit Behinderung betreut. Prominenter Unterst\u00fctzer des Turniers ist Sturm-Goalie Christian Gratzei, der auch vor Ort dabei sein wird. Flyer ANSEHEN<\/p>\n","protected":false},"author":4,"featured_media":0,"comment_status":"closed","ping_status":"open","sticky":false,"template":"","format":"standard","meta":{"footnotes":""},"categories":[9],"tags":[],"class_list":["post-763","post","type-post","status-publish","format-standard","hentry","category-veranstaltungen"],"_links":{"self":[{"href":"https:\/\/www.sturmtifo.com\/wordpress\/wp-json\/wp\/v2\/posts\/763","targetHints":{"allow":["GET"]}}],"collection":[{"href":"https:\/\/www.sturmtifo.com\/wordpress\/wp-json\/wp\/v2\/posts"}],"about":[{"href":"https:\/\/www.sturmtifo.com\/wordpress\/wp-json\/wp\/v2\/types\/post"}],"author":[{"embeddable":true,"href":"https:\/\/www.sturmtifo.com\/wordpress\/wp-json\/wp\/v2\/users\/4"}],"replies":[{"embeddable":true,"href":"https:\/\/www.sturmtifo.com\/wordpress\/wp-json\/wp\/v2\/comments?post=763"}],"version-history":[{"count":3,"href":"https:\/\/www.sturmtifo.com\/wordpress\/wp-json\/wp\/v2\/posts\/763\/revisions"}],"predecessor-version":[{"id":767,"href":"https:\/\/www.sturmtifo.com\/wordpress\/wp-json\/wp\/v2\/posts\/763\/revisions\/767"}],"wp:attachment":[{"href":"https:\/\/www.sturmtifo.com\/wordpress\/wp-json\/wp\/v2\/media?parent=763"}],"wp:term":[{"taxonomy":"category","embeddable":true,"href":"https:\/\/www.sturmtifo.com\/wordpress\/wp-json\/wp\/v2\/categories?post=763"},{"taxonomy":"post_tag","embeddable":true,"href":"https:\/\/www.sturmtifo.com\/wordpress\/wp-json\/wp\/v2\/tags?post=763"}],"curies":[{"name":"wp","href":"https:\/\/api.w.org\/{rel}","templated":true}]}}