{"id":466,"date":"2010-10-08T06:49:38","date_gmt":"2010-10-08T06:49:38","guid":{"rendered":"http:\/\/www.sturmtifo.com\/wordpress\/?p=466"},"modified":"2010-10-08T06:49:38","modified_gmt":"2010-10-08T06:49:38","slug":"es-ist-wieder-zeit-fur-sturm-maroni-fruhschoppen-am-16-10","status":"publish","type":"post","link":"https:\/\/www.sturmtifo.com\/wordpress\/es-ist-wieder-zeit-fur-sturm-maroni-fruhschoppen-am-16-10\/","title":{"rendered":"Es ist wieder Zeit f\u00fcr Sturm &#038; Maroni: Fr\u00fchschoppen am 16.10."},"content":{"rendered":"<p><a class='serendipity_image_link' href='\/serendipity\/uploads\/Flyer_Veranstaltungen\/Flyer_Sturm-Ried_Fruehschoppen_20101016.JPG'><!-- s9ymdb:457 --><img loading=\"lazy\" decoding=\"async\" class=\"serendipity_image_left\" width=\"110\" height=\"83\" style=\"float: left; border: 0px; padding-left: 5px; padding-right: 5px;\" src=\"\/serendipity\/uploads\/Flyer_Veranstaltungen\/Flyer_Sturm-Ried_Fruehschoppen_20101016.serendipityThumb.JPG\" alt=\"\" \/><\/a>Vor dem Spiel Sturm-Ried (16.10.) laden die Fangruppen alle Sturmfans zum traditionellen Fr\u00fchschoppen ein. Beginn ist um 10 Uhr am Messeparkplatz in der Fr\u00f6hlichgasse. Sp\u00e4testens um 14 Uhr ist der Abmarsch des Corteos zum Stadion geplant.<\/p>\n<p>Flyer <a href=\"\/serendipity\/uploads\/Flyer_Veranstaltungen\/Flyer_Sturm-Ried_Fruehschoppen_20101016.JPG\">ANSEHEN<\/a><\/p>\n","protected":false},"excerpt":{"rendered":"<p>Vor dem Spiel Sturm-Ried (16.10.) laden die Fangruppen alle Sturmfans zum traditionellen Fr\u00fchschoppen ein. Beginn ist um 10 Uhr am Messeparkplatz in der Fr\u00f6hlichgasse. Sp\u00e4testens um 14 Uhr ist der Abmarsch des Corteos zum Stadion geplant. Flyer ANSEHEN<\/p>\n","protected":false},"author":4,"featured_media":0,"comment_status":"open","ping_status":"open","sticky":false,"template":"","format":"standard","meta":{"footnotes":""},"categories":[9],"tags":[],"class_list":["post-466","post","type-post","status-publish","format-standard","hentry","category-veranstaltungen"],"_links":{"self":[{"href":"https:\/\/www.sturmtifo.com\/wordpress\/wp-json\/wp\/v2\/posts\/466","targetHints":{"allow":["GET"]}}],"collection":[{"href":"https:\/\/www.sturmtifo.com\/wordpress\/wp-json\/wp\/v2\/posts"}],"about":[{"href":"https:\/\/www.sturmtifo.com\/wordpress\/wp-json\/wp\/v2\/types\/post"}],"author":[{"embeddable":true,"href":"https:\/\/www.sturmtifo.com\/wordpress\/wp-json\/wp\/v2\/users\/4"}],"replies":[{"embeddable":true,"href":"https:\/\/www.sturmtifo.com\/wordpress\/wp-json\/wp\/v2\/comments?post=466"}],"version-history":[{"count":0,"href":"https:\/\/www.sturmtifo.com\/wordpress\/wp-json\/wp\/v2\/posts\/466\/revisions"}],"wp:attachment":[{"href":"https:\/\/www.sturmtifo.com\/wordpress\/wp-json\/wp\/v2\/media?parent=466"}],"wp:term":[{"taxonomy":"category","embeddable":true,"href":"https:\/\/www.sturmtifo.com\/wordpress\/wp-json\/wp\/v2\/categories?post=466"},{"taxonomy":"post_tag","embeddable":true,"href":"https:\/\/www.sturmtifo.com\/wordpress\/wp-json\/wp\/v2\/tags?post=466"}],"curies":[{"name":"wp","href":"https:\/\/api.w.org\/{rel}","templated":true}]}}