{"id":2952,"date":"2015-08-20T10:41:22","date_gmt":"2015-08-20T09:41:22","guid":{"rendered":"http:\/\/www.sturmtifo.com\/wordpress\/?p=2952"},"modified":"2015-08-20T13:09:02","modified_gmt":"2015-08-20T12:09:02","slug":"20-8-2015-10-jahre-sturmtifo-com","status":"publish","type":"post","link":"https:\/\/www.sturmtifo.com\/wordpress\/20-8-2015-10-jahre-sturmtifo-com\/","title":{"rendered":"20.8.2015 &#8211; 10 Jahre SturmTifo.com"},"content":{"rendered":"<p><img loading=\"lazy\" decoding=\"async\" src=\"http:\/\/www.sturmtifo.com\/wordpress\/wp-content\/uploads\/2015\/08\/SturmTifo-10-Jahre-300x146.jpg\" alt=\"SturmTifo 10 Jahre\" width=\"300\" height=\"146\" class=\"alignleft size-medium wp-image-3000\" srcset=\"https:\/\/www.sturmtifo.com\/wordpress\/wp-content\/uploads\/2015\/08\/SturmTifo-10-Jahre-300x146.jpg 300w, https:\/\/www.sturmtifo.com\/wordpress\/wp-content\/uploads\/2015\/08\/SturmTifo-10-Jahre.jpg 707w\" sizes=\"auto, (max-width: 300px) 100vw, 300px\" \/>Heute vor 10 Jahren ist das Fotoalbum zum Match <a href=\"http:\/\/www.sturmtifo.com\/gallery\/thumbnails.php?album=16\" target=\"_blank\">Austria Wien vs Sturm<\/a> (14.8.2005) online gegangen &#8211; f\u00fcr uns das Geburtsdatum von SturmTifo.com. 10 Jahre sind ins Land gezogen, unglaublich wie schnell die Zeit vergangen ist! Was einst als Miniprojekt begann, wurde \u00fcber die Jahre zur Institution der schwarzwei\u00dfen Fanszene und ist nach wie vor ein in diesem Umfang kaum vergleichbares Projekt in \u00d6sterreich. Stolz k\u00f6nnen wir darauf zur\u00fcck blicken, dass wir seit Beginn kein einziges Pflichtspiel des SK Sturm undokumentiert gelassen haben. In Zahlen sind das weit \u00fcber 20.000 Foto- und Videodateien, die auf SturmTifo.com online und gratis zu sehen sind. Neben der Dokumentation des Fan-Geschehens wurde der Umfang stetig erweitert und bietet so heute einen (sport)fotografischen \u00dcberblick \u00fcber den SK Sturm. Weiters ist SturmTifo.com daf\u00fcr bekannt, dass immer wieder Videozusammenschnitte von Choreografien und Tifo-Aktionen der Nordkurve online gehen, mittlerweile gibt es ein eigenes Vimeo-Portal auf <a href=\"http:\/\/v.sturmtifo.com\" target=\"_blank\">v.sturmtifo.com<\/a><br \/>\nNicht zu vergessen sind auch die zahlreichen <a href=\"http:\/\/www.sturmtifo.com\/gallery\/index.php?cat=6\" target=\"_blank\">DVDs<\/a>, die einst einen filmischen Querschnitt der Sturm-Fankurve geboten haben. Oft werden wir gefragt, warum es schon l\u00e4nger keine DVD mehr gegeben hat &#8211; die Antwort ist leider schlicht und ergreifend bei nicht verf\u00fcgbaren Ressourcen zu finden, denn jede DVD nahm etliche Monate Arbeit in Anspruch. Was im Zeitalter von Smartphones oft simpel erscheinen mag, ist aber auch bei SturmTifo.com nach wie vor viel Arbeit &#8211; nicht nur im Stadion, sondern vor allem auch im Hintergrund &#8211; die aktuell von 6 Leuten realisiert wird. Gemeinsam haben wir wahnsinnig viel erlebt und gesehen, am sch\u00f6nsten waren freilich immer jene Momente, wo auch der sportliche Erfolg dokumentiert werden konnte: Egal ob <a href=\"http:\/\/www.sturmtifo.com\/sport\/displayimage.php?album=233&#038;pid=6579#top_display_media\" target=\"_blank\">Meisterteller<\/a> oder <a href=\"http:\/\/www.sturmtifo.com\/sport\/displayimage.php?album=151&#038;pid=3870#top_display_media\" target=\"_blank\">Cupsieg<\/a>, ob <a href=\"http:\/\/www.sturmtifo.com\/gallery\/thumbnails.php?album=388\" target=\"_blank\">Europacup <\/a>oder einfach &#8220;nur&#8221; <a href=\"http:\/\/www.sturmtifo.com\/gallery\/displayimage.php?album=221&#038;pid=4413#top_display_media\" target=\"_blank\">Ligaalltag <\/a>&#8211; wir waren live dabei.<br \/>\nWie wird die Zukunft aussehen? Im Wesentlichen m\u00f6chten wir den eingeschlagenen Weg erfolgreich fortsetzen, aber vielleicht wird es schon demn\u00e4chst die eine oder andere Erweiterung geben&#8230; Auf diesem Wege sei jedenfalls der Dank ans Team, an alle Wegbegleiter, Fans, Partner und Unterst\u00fctzer ausgesprochen &#8211; ohne euch w\u00e4ren die 10 Jahre niemals m\u00f6glich gewesen!<\/p>\n","protected":false},"excerpt":{"rendered":"<p>Heute vor 10 Jahren ist das Fotoalbum zum Match Austria Wien vs Sturm (14.8.2005) online gegangen &#8211; f\u00fcr uns das Geburtsdatum von SturmTifo.com. 10 Jahre sind ins Land gezogen, unglaublich wie schnell die Zeit vergangen ist! Was einst als Miniprojekt begann, wurde \u00fcber die Jahre zur Institution der schwarzwei\u00dfen Fanszene und ist nach wie vor [&hellip;]<\/p>\n","protected":false},"author":4,"featured_media":3000,"comment_status":"closed","ping_status":"open","sticky":false,"template":"","format":"standard","meta":{"footnotes":""},"categories":[10],"tags":[],"class_list":["post-2952","post","type-post","status-publish","format-standard","has-post-thumbnail","hentry","category-allgemeine-infos"],"_links":{"self":[{"href":"https:\/\/www.sturmtifo.com\/wordpress\/wp-json\/wp\/v2\/posts\/2952","targetHints":{"allow":["GET"]}}],"collection":[{"href":"https:\/\/www.sturmtifo.com\/wordpress\/wp-json\/wp\/v2\/posts"}],"about":[{"href":"https:\/\/www.sturmtifo.com\/wordpress\/wp-json\/wp\/v2\/types\/post"}],"author":[{"embeddable":true,"href":"https:\/\/www.sturmtifo.com\/wordpress\/wp-json\/wp\/v2\/users\/4"}],"replies":[{"embeddable":true,"href":"https:\/\/www.sturmtifo.com\/wordpress\/wp-json\/wp\/v2\/comments?post=2952"}],"version-history":[{"count":15,"href":"https:\/\/www.sturmtifo.com\/wordpress\/wp-json\/wp\/v2\/posts\/2952\/revisions"}],"predecessor-version":[{"id":3008,"href":"https:\/\/www.sturmtifo.com\/wordpress\/wp-json\/wp\/v2\/posts\/2952\/revisions\/3008"}],"wp:featuredmedia":[{"embeddable":true,"href":"https:\/\/www.sturmtifo.com\/wordpress\/wp-json\/wp\/v2\/media\/3000"}],"wp:attachment":[{"href":"https:\/\/www.sturmtifo.com\/wordpress\/wp-json\/wp\/v2\/media?parent=2952"}],"wp:term":[{"taxonomy":"category","embeddable":true,"href":"https:\/\/www.sturmtifo.com\/wordpress\/wp-json\/wp\/v2\/categories?post=2952"},{"taxonomy":"post_tag","embeddable":true,"href":"https:\/\/www.sturmtifo.com\/wordpress\/wp-json\/wp\/v2\/tags?post=2952"}],"curies":[{"name":"wp","href":"https:\/\/api.w.org\/{rel}","templated":true}]}}