{"id":2857,"date":"2015-04-23T01:53:37","date_gmt":"2015-04-23T00:53:37","guid":{"rendered":"http:\/\/www.sturmtifo.com\/wordpress\/?p=2857"},"modified":"2015-04-23T01:53:37","modified_gmt":"2015-04-23T00:53:37","slug":"ab-samstag-schwarzmalerei-nr-6-sichern","status":"publish","type":"post","link":"https:\/\/www.sturmtifo.com\/wordpress\/ab-samstag-schwarzmalerei-nr-6-sichern\/","title":{"rendered":"Ab Samstag: Schwarzmalerei Nr. 6 sichern!"},"content":{"rendered":"<p><a href=\"http:\/\/www.sturmtifo.com\/wordpress\/wp-content\/uploads\/2015\/04\/plakat_SM6_FB.jpg\"><img loading=\"lazy\" decoding=\"async\" src=\"http:\/\/www.sturmtifo.com\/wordpress\/wp-content\/uploads\/2015\/04\/plakat_SM6_FB-212x300.jpg\" alt=\"plakat_SM6_FB\" width=\"212\" height=\"300\" class=\"alignleft size-medium wp-image-2858\" srcset=\"https:\/\/www.sturmtifo.com\/wordpress\/wp-content\/uploads\/2015\/04\/plakat_SM6_FB-212x300.jpg 212w, https:\/\/www.sturmtifo.com\/wordpress\/wp-content\/uploads\/2015\/04\/plakat_SM6_FB.jpg 707w\" sizes=\"auto, (max-width: 212px) 100vw, 212px\" \/><\/a>Mit unglaublichen 244 Seiten erscheint am kommenden Samstag die sechste Ausgabe der &#8220;Schwarzmalerei&#8221;! Das Fanzine der Nordkurve Sturm Graz pr\u00e4sentiert eine H\u00fclle von Themen (u.a. 20 Jahre Jewels), wie \u00fcblich hat SturmTifo.com wieder eine F\u00fclle an Fotos f\u00fcr diese Ausgabe zur Verf\u00fcgung gestellt, darunter auch einige noch nicht ver\u00f6ffentlichte Bilder. Um nur 5 Euro wird die neue Ausgabe ab 25.4.2015 (ausw\u00e4rts bei Wr. Neustadt-Sturm) bei den Fangruppen erh\u00e4ltlich sein &#8211; rasch zuschlagen, bevor das Heft wieder ausverkauft ist!<\/p>\n<p>Flyer <a href=\"http:\/\/www.sturmtifo.com\/wordpress\/wp-content\/uploads\/2015\/04\/plakat_SM6_FB.jpg\" target=\"_blank\">ANSEHEN<\/a><\/p>\n","protected":false},"excerpt":{"rendered":"<p>Mit unglaublichen 244 Seiten erscheint am kommenden Samstag die sechste Ausgabe der &#8220;Schwarzmalerei&#8221;! Das Fanzine der Nordkurve Sturm Graz pr\u00e4sentiert eine H\u00fclle von Themen (u.a. 20 Jahre Jewels), wie \u00fcblich hat SturmTifo.com wieder eine F\u00fclle an Fotos f\u00fcr diese Ausgabe zur Verf\u00fcgung gestellt, darunter auch einige noch nicht ver\u00f6ffentlichte Bilder. Um nur 5 Euro wird [&hellip;]<\/p>\n","protected":false},"author":4,"featured_media":2858,"comment_status":"closed","ping_status":"open","sticky":false,"template":"","format":"standard","meta":{"footnotes":""},"categories":[10],"tags":[],"class_list":["post-2857","post","type-post","status-publish","format-standard","has-post-thumbnail","hentry","category-allgemeine-infos"],"_links":{"self":[{"href":"https:\/\/www.sturmtifo.com\/wordpress\/wp-json\/wp\/v2\/posts\/2857","targetHints":{"allow":["GET"]}}],"collection":[{"href":"https:\/\/www.sturmtifo.com\/wordpress\/wp-json\/wp\/v2\/posts"}],"about":[{"href":"https:\/\/www.sturmtifo.com\/wordpress\/wp-json\/wp\/v2\/types\/post"}],"author":[{"embeddable":true,"href":"https:\/\/www.sturmtifo.com\/wordpress\/wp-json\/wp\/v2\/users\/4"}],"replies":[{"embeddable":true,"href":"https:\/\/www.sturmtifo.com\/wordpress\/wp-json\/wp\/v2\/comments?post=2857"}],"version-history":[{"count":1,"href":"https:\/\/www.sturmtifo.com\/wordpress\/wp-json\/wp\/v2\/posts\/2857\/revisions"}],"predecessor-version":[{"id":2859,"href":"https:\/\/www.sturmtifo.com\/wordpress\/wp-json\/wp\/v2\/posts\/2857\/revisions\/2859"}],"wp:featuredmedia":[{"embeddable":true,"href":"https:\/\/www.sturmtifo.com\/wordpress\/wp-json\/wp\/v2\/media\/2858"}],"wp:attachment":[{"href":"https:\/\/www.sturmtifo.com\/wordpress\/wp-json\/wp\/v2\/media?parent=2857"}],"wp:term":[{"taxonomy":"category","embeddable":true,"href":"https:\/\/www.sturmtifo.com\/wordpress\/wp-json\/wp\/v2\/categories?post=2857"},{"taxonomy":"post_tag","embeddable":true,"href":"https:\/\/www.sturmtifo.com\/wordpress\/wp-json\/wp\/v2\/tags?post=2857"}],"curies":[{"name":"wp","href":"https:\/\/api.w.org\/{rel}","templated":true}]}}