{"id":2648,"date":"2014-10-10T07:14:09","date_gmt":"2014-10-10T06:14:09","guid":{"rendered":"http:\/\/www.sturmtifo.com\/wordpress\/?p=2648"},"modified":"2014-10-10T07:15:31","modified_gmt":"2014-10-10T06:15:31","slug":"ab-heute-sind-wir-high","status":"publish","type":"post","link":"https:\/\/www.sturmtifo.com\/wordpress\/ab-heute-sind-wir-high\/","title":{"rendered":"Ab heute sind wir high!"},"content":{"rendered":"<p><a href=\"http:\/\/v.sturmtifo.com\"><img loading=\"lazy\" decoding=\"async\" src=\"http:\/\/www.sturmtifo.com\/wordpress\/wp-content\/uploads\/2014\/10\/vimeo-sturmtifo-logo-300x240.jpg\" alt=\"vimeo sturmtifo logo\" width=\"300\" height=\"240\" class=\"alignleft size-medium wp-image-2653\" srcset=\"https:\/\/www.sturmtifo.com\/wordpress\/wp-content\/uploads\/2014\/10\/vimeo-sturmtifo-logo-300x240.jpg 300w, https:\/\/www.sturmtifo.com\/wordpress\/wp-content\/uploads\/2014\/10\/vimeo-sturmtifo-logo.jpg 561w\" sizes=\"auto, (max-width: 300px) 100vw, 300px\" \/><\/a>In unserem 10. Bestandsjahr bieten wir unseren Fans ein weiteres Zuckerl: Nachdem zuletzt schon die Aufl\u00f6sung der Fotos in der Online-Galerie um 50% erh\u00f6ht wurde, legen wir nun im Video-Bereich nach: Ab sofort gibt es einen offiziellen <strong>Vimeo-Kanal<\/strong> von SturmTifo.com! Von nun an werden auf diesem Videoportal unsere Tifo-Videos der laufenden Saison in <strong>High Definition-Qualit\u00e4t<\/strong> gezeigt &#8211; werbefrei und f\u00fcr alle g\u00e4ngigen Endger\u00e4te kompatibel. Das neue Videoportal ist unter der simplen Adresse <a href=\"http:\/\/v.sturmtifo.com\" target=\"_blank\"><strong>v.sturmtifo.com<\/strong><\/a> oder \u00fcber die Men\u00fcleiste (&#8220;VIDEOS&#8221;) in unserem Blog erreichbar &#8211; schaut gleich rein! <\/p>\n<p>SturmTifo auf Vimeo <a href=\"http:\/\/v.sturmtifo.com\" target=\"_blank\">ANSEHEN<\/a><\/p>\n","protected":false},"excerpt":{"rendered":"<p>In unserem 10. Bestandsjahr bieten wir unseren Fans ein weiteres Zuckerl: Nachdem zuletzt schon die Aufl\u00f6sung der Fotos in der Online-Galerie um 50% erh\u00f6ht wurde, legen wir nun im Video-Bereich nach: Ab sofort gibt es einen offiziellen Vimeo-Kanal von SturmTifo.com! Von nun an werden auf diesem Videoportal unsere Tifo-Videos der laufenden Saison in High Definition-Qualit\u00e4t [&hellip;]<\/p>\n","protected":false},"author":4,"featured_media":2653,"comment_status":"closed","ping_status":"open","sticky":false,"template":"","format":"standard","meta":{"footnotes":""},"categories":[7],"tags":[],"class_list":["post-2648","post","type-post","status-publish","format-standard","has-post-thumbnail","hentry","category-tifo-videos"],"_links":{"self":[{"href":"https:\/\/www.sturmtifo.com\/wordpress\/wp-json\/wp\/v2\/posts\/2648","targetHints":{"allow":["GET"]}}],"collection":[{"href":"https:\/\/www.sturmtifo.com\/wordpress\/wp-json\/wp\/v2\/posts"}],"about":[{"href":"https:\/\/www.sturmtifo.com\/wordpress\/wp-json\/wp\/v2\/types\/post"}],"author":[{"embeddable":true,"href":"https:\/\/www.sturmtifo.com\/wordpress\/wp-json\/wp\/v2\/users\/4"}],"replies":[{"embeddable":true,"href":"https:\/\/www.sturmtifo.com\/wordpress\/wp-json\/wp\/v2\/comments?post=2648"}],"version-history":[{"count":12,"href":"https:\/\/www.sturmtifo.com\/wordpress\/wp-json\/wp\/v2\/posts\/2648\/revisions"}],"predecessor-version":[{"id":2670,"href":"https:\/\/www.sturmtifo.com\/wordpress\/wp-json\/wp\/v2\/posts\/2648\/revisions\/2670"}],"wp:featuredmedia":[{"embeddable":true,"href":"https:\/\/www.sturmtifo.com\/wordpress\/wp-json\/wp\/v2\/media\/2653"}],"wp:attachment":[{"href":"https:\/\/www.sturmtifo.com\/wordpress\/wp-json\/wp\/v2\/media?parent=2648"}],"wp:term":[{"taxonomy":"category","embeddable":true,"href":"https:\/\/www.sturmtifo.com\/wordpress\/wp-json\/wp\/v2\/categories?post=2648"},{"taxonomy":"post_tag","embeddable":true,"href":"https:\/\/www.sturmtifo.com\/wordpress\/wp-json\/wp\/v2\/tags?post=2648"}],"curies":[{"name":"wp","href":"https:\/\/api.w.org\/{rel}","templated":true}]}}