{"id":2596,"date":"2014-09-21T12:13:40","date_gmt":"2014-09-21T11:13:40","guid":{"rendered":"http:\/\/www.sturmtifo.com\/wordpress\/?p=2596"},"modified":"2014-09-22T09:53:49","modified_gmt":"2014-09-22T08:53:49","slug":"darko-milanic-vor-abschied-nach-leeds","status":"publish","type":"post","link":"https:\/\/www.sturmtifo.com\/wordpress\/darko-milanic-vor-abschied-nach-leeds\/","title":{"rendered":"Darko Milanic verabschiedet sich nach Leeds"},"content":{"rendered":"<p><a href=\"http:\/\/www.sturmtifo.com\/gallery\/thumbnails.php?album=572\"><img loading=\"lazy\" decoding=\"async\" src=\"http:\/\/www.sturmtifo.com\/wordpress\/wp-content\/uploads\/2014\/09\/20140921-1007_1DX_5160-300x216.jpg\" alt=\"Pressekonferenz Sturm\" width=\"300\" height=\"216\" class=\"alignleft size-medium wp-image-2598\" srcset=\"https:\/\/www.sturmtifo.com\/wordpress\/wp-content\/uploads\/2014\/09\/20140921-1007_1DX_5160-300x216.jpg 300w, https:\/\/www.sturmtifo.com\/wordpress\/wp-content\/uploads\/2014\/09\/20140921-1007_1DX_5160.jpg 976w\" sizes=\"auto, (max-width: 300px) 100vw, 300px\" \/><\/a>In einer kurzfristig einberaumte Pressekonferenz nahmen heute Sturm-Trainer Darko Milanic, General Manager Gerhard Goldbrich und Pr\u00e4sident Christian Jauk zu den aktuellen Wechselger\u00fcchten des Trainers Stellung. Der Wechsel nach Leeds steht bevor, G\u00fcnther Neukirchner soll interimistisch \u00fcbernehmen.<\/p>\n<p>Fotos sind online: <a href=\"http:\/\/www.sturmtifo.com\/gallery\/thumbnails.php?album=572\" target=\"_blank\">ANSEHEN Desktop<\/a> \/ <a href=\"http:\/\/www.sturmtifo.com\/mobile\/index.php?album=572\" target=\"_blank\">Mobile<\/a><\/p>\n","protected":false},"excerpt":{"rendered":"<p>In einer kurzfristig einberaumte Pressekonferenz nahmen heute Sturm-Trainer Darko Milanic, General Manager Gerhard Goldbrich und Pr\u00e4sident Christian Jauk zu den aktuellen Wechselger\u00fcchten des Trainers Stellung. Der Wechsel nach Leeds steht bevor, G\u00fcnther Neukirchner soll interimistisch \u00fcbernehmen. Fotos sind online: ANSEHEN Desktop \/ Mobile<\/p>\n","protected":false},"author":4,"featured_media":2598,"comment_status":"closed","ping_status":"open","sticky":false,"template":"","format":"standard","meta":{"footnotes":""},"categories":[12],"tags":[],"class_list":["post-2596","post","type-post","status-publish","format-standard","has-post-thumbnail","hentry","category-fotos"],"_links":{"self":[{"href":"https:\/\/www.sturmtifo.com\/wordpress\/wp-json\/wp\/v2\/posts\/2596","targetHints":{"allow":["GET"]}}],"collection":[{"href":"https:\/\/www.sturmtifo.com\/wordpress\/wp-json\/wp\/v2\/posts"}],"about":[{"href":"https:\/\/www.sturmtifo.com\/wordpress\/wp-json\/wp\/v2\/types\/post"}],"author":[{"embeddable":true,"href":"https:\/\/www.sturmtifo.com\/wordpress\/wp-json\/wp\/v2\/users\/4"}],"replies":[{"embeddable":true,"href":"https:\/\/www.sturmtifo.com\/wordpress\/wp-json\/wp\/v2\/comments?post=2596"}],"version-history":[{"count":6,"href":"https:\/\/www.sturmtifo.com\/wordpress\/wp-json\/wp\/v2\/posts\/2596\/revisions"}],"predecessor-version":[{"id":2605,"href":"https:\/\/www.sturmtifo.com\/wordpress\/wp-json\/wp\/v2\/posts\/2596\/revisions\/2605"}],"wp:featuredmedia":[{"embeddable":true,"href":"https:\/\/www.sturmtifo.com\/wordpress\/wp-json\/wp\/v2\/media\/2598"}],"wp:attachment":[{"href":"https:\/\/www.sturmtifo.com\/wordpress\/wp-json\/wp\/v2\/media?parent=2596"}],"wp:term":[{"taxonomy":"category","embeddable":true,"href":"https:\/\/www.sturmtifo.com\/wordpress\/wp-json\/wp\/v2\/categories?post=2596"},{"taxonomy":"post_tag","embeddable":true,"href":"https:\/\/www.sturmtifo.com\/wordpress\/wp-json\/wp\/v2\/tags?post=2596"}],"curies":[{"name":"wp","href":"https:\/\/api.w.org\/{rel}","templated":true}]}}