{"id":1507,"date":"2012-12-07T17:11:01","date_gmt":"2012-12-07T16:11:01","guid":{"rendered":"http:\/\/www.sturmtifo.com\/wordpress\/?p=1507"},"modified":"2012-12-07T17:21:19","modified_gmt":"2012-12-07T16:21:19","slug":"rasch-sichern-der-nordkurvenkalender-2013-ist-ab-samstag-erhaltlich","status":"publish","type":"post","link":"https:\/\/www.sturmtifo.com\/wordpress\/rasch-sichern-der-nordkurvenkalender-2013-ist-ab-samstag-erhaltlich\/","title":{"rendered":"Nordkurvenkalender 2013 &#8211; nur mehr 200 St\u00fcck verf\u00fcgbar"},"content":{"rendered":"<p><a href=\"http:\/\/www.sturmtifo.com\/wordpress\/wp-content\/uploads\/2012\/11\/uc_kalender_2013_flyer_web_neu.jpg\"><img loading=\"lazy\" decoding=\"async\" src=\"http:\/\/www.sturmtifo.com\/wordpress\/wp-content\/uploads\/2012\/11\/uc_kalender_2013_flyer_web_neu-211x300.jpg\" alt=\"\" title=\"uc_kalender_2013_flyer_web_neu\" width=\"211\" height=\"300\" class=\"alignleft size-medium wp-image-1508\" srcset=\"https:\/\/www.sturmtifo.com\/wordpress\/wp-content\/uploads\/2012\/11\/uc_kalender_2013_flyer_web_neu-211x300.jpg 211w, https:\/\/www.sturmtifo.com\/wordpress\/wp-content\/uploads\/2012\/11\/uc_kalender_2013_flyer_web_neu.jpg 595w\" sizes=\"auto, (max-width: 211px) 100vw, 211px\" \/><\/a>Ab sofort gibt es den begehrten Nordkurvenkalender f\u00fcr 2013 zu erstehen. Die Urban Crew hat wieder in Zusammenarbeit mit SturmTifo.com ein ansehnliches Kalenderkunstwerk gestaltet, welches um 10 EUR am Matchtag vorm Sektor 13 zu erwerben sein wird. Schon traditionell kommt der Reinerl\u00f6s einem guten Zweck zu. Aufgrund der gro\u00dfen Nachfrage in den letzten Jahren wurde diesmal auch die Auflage auf 700 St\u00fcck erh\u00f6ht &#8211; dennoch gilt: Rasch zuschlagen, sonst k\u00f6nnte man durch die Finger schauen!<\/p>\n<p><strong>UPDATE (7.12.):<\/strong> Es sind bereits \u00fcber 500 St\u00fcck verkauft worden, d.h. nur mehr rund 200 St\u00fcck sind morgen beim Match Sturm-Salzburg verf\u00fcgbar. Bitte nach M\u00f6glichkeit Sackerln f\u00fcr den Transport selbst mitzubringen. Leider sind bei vereinzelten Exemplaren Probleme bei der Spiralisierung aufgetreten, diese Kalender k\u00f6nnen morgen selbstverst\u00e4ndlich umgetauscht werden.<\/p>\n<p>Flyer <a href=\"http:\/\/www.sturmtifo.com\/wordpress\/wp-content\/uploads\/2012\/11\/uc_kalender_2013_flyer_web_neu.jpg\" target=\"_blank\">ANSEHEN<\/a><\/p>\n","protected":false},"excerpt":{"rendered":"<p>Ab sofort gibt es den begehrten Nordkurvenkalender f\u00fcr 2013 zu erstehen. Die Urban Crew hat wieder in Zusammenarbeit mit SturmTifo.com ein ansehnliches Kalenderkunstwerk gestaltet, welches um 10 EUR am Matchtag vorm Sektor 13 zu erwerben sein wird. Schon traditionell kommt der Reinerl\u00f6s einem guten Zweck zu. Aufgrund der gro\u00dfen Nachfrage in den letzten Jahren wurde [&hellip;]<\/p>\n","protected":false},"author":4,"featured_media":0,"comment_status":"closed","ping_status":"open","sticky":false,"template":"","format":"standard","meta":{"footnotes":""},"categories":[12],"tags":[],"class_list":["post-1507","post","type-post","status-publish","format-standard","hentry","category-fotos"],"_links":{"self":[{"href":"https:\/\/www.sturmtifo.com\/wordpress\/wp-json\/wp\/v2\/posts\/1507","targetHints":{"allow":["GET"]}}],"collection":[{"href":"https:\/\/www.sturmtifo.com\/wordpress\/wp-json\/wp\/v2\/posts"}],"about":[{"href":"https:\/\/www.sturmtifo.com\/wordpress\/wp-json\/wp\/v2\/types\/post"}],"author":[{"embeddable":true,"href":"https:\/\/www.sturmtifo.com\/wordpress\/wp-json\/wp\/v2\/users\/4"}],"replies":[{"embeddable":true,"href":"https:\/\/www.sturmtifo.com\/wordpress\/wp-json\/wp\/v2\/comments?post=1507"}],"version-history":[{"count":6,"href":"https:\/\/www.sturmtifo.com\/wordpress\/wp-json\/wp\/v2\/posts\/1507\/revisions"}],"predecessor-version":[{"id":1538,"href":"https:\/\/www.sturmtifo.com\/wordpress\/wp-json\/wp\/v2\/posts\/1507\/revisions\/1538"}],"wp:attachment":[{"href":"https:\/\/www.sturmtifo.com\/wordpress\/wp-json\/wp\/v2\/media?parent=1507"}],"wp:term":[{"taxonomy":"category","embeddable":true,"href":"https:\/\/www.sturmtifo.com\/wordpress\/wp-json\/wp\/v2\/categories?post=1507"},{"taxonomy":"post_tag","embeddable":true,"href":"https:\/\/www.sturmtifo.com\/wordpress\/wp-json\/wp\/v2\/tags?post=1507"}],"curies":[{"name":"wp","href":"https:\/\/api.w.org\/{rel}","templated":true}]}}