{"id":148,"date":"2009-07-12T13:02:51","date_gmt":"2009-07-12T13:02:51","guid":{"rendered":"http:\/\/www.sturmtifo.com\/wordpress\/?p=148"},"modified":"2009-07-12T13:02:51","modified_gmt":"2009-07-12T13:02:51","slug":"torloses-jubilaumsspiel-sturm-werder","status":"publish","type":"post","link":"https:\/\/www.sturmtifo.com\/wordpress\/torloses-jubilaumsspiel-sturm-werder\/","title":{"rendered":"Torloses Jubil\u00e4umsspiel Sturm-Werder"},"content":{"rendered":"<p><a class='serendipity_image_link' href='http:\/\/www.sturmtifo.com\/gallery\/thumbnails.php?album=230'><!-- s9ymdb:121 --><img loading=\"lazy\" decoding=\"async\" class=\"serendipity_image_left\" width=\"110\" height=\"79\" style=\"float: left; border: 0px; padding-left: 5px; padding-right: 5px;\" src=\"\/serendipity\/uploads\/Thumbnails\/20090711-0748.serendipityThumb.jpg\" alt=\"\" \/><\/a>Ein eher lauer Sommerkick war das Jubil\u00e4umsmatch zwischen dem SK Sturm und Werder Bremen. 14.260 Zuseher sahen ein torloses Remis, bei Werder fehlte leider der erkrankte Sebastian Pr\u00f6dl, der die Fans per Videobotschaft gr\u00fc\u00dfte.<\/p>\n<p>Tifo-Fotos sind online: <a href=\"http:\/\/www.sturmtifo.com\/gallery\/thumbnails.php?album=230\">ANSEHEN<\/a><\/p>\n","protected":false},"excerpt":{"rendered":"<p>Ein eher lauer Sommerkick war das Jubil\u00e4umsmatch zwischen dem SK Sturm und Werder Bremen. 14.260 Zuseher sahen ein torloses Remis, bei Werder fehlte leider der erkrankte Sebastian Pr\u00f6dl, der die Fans per Videobotschaft gr\u00fc\u00dfte. Tifo-Fotos sind online: ANSEHEN<\/p>\n","protected":false},"author":4,"featured_media":0,"comment_status":"open","ping_status":"open","sticky":false,"template":"","format":"standard","meta":{"footnotes":""},"categories":[6],"tags":[],"class_list":["post-148","post","type-post","status-publish","format-standard","hentry","category-tifo-fotos-archiv"],"_links":{"self":[{"href":"https:\/\/www.sturmtifo.com\/wordpress\/wp-json\/wp\/v2\/posts\/148","targetHints":{"allow":["GET"]}}],"collection":[{"href":"https:\/\/www.sturmtifo.com\/wordpress\/wp-json\/wp\/v2\/posts"}],"about":[{"href":"https:\/\/www.sturmtifo.com\/wordpress\/wp-json\/wp\/v2\/types\/post"}],"author":[{"embeddable":true,"href":"https:\/\/www.sturmtifo.com\/wordpress\/wp-json\/wp\/v2\/users\/4"}],"replies":[{"embeddable":true,"href":"https:\/\/www.sturmtifo.com\/wordpress\/wp-json\/wp\/v2\/comments?post=148"}],"version-history":[{"count":0,"href":"https:\/\/www.sturmtifo.com\/wordpress\/wp-json\/wp\/v2\/posts\/148\/revisions"}],"wp:attachment":[{"href":"https:\/\/www.sturmtifo.com\/wordpress\/wp-json\/wp\/v2\/media?parent=148"}],"wp:term":[{"taxonomy":"category","embeddable":true,"href":"https:\/\/www.sturmtifo.com\/wordpress\/wp-json\/wp\/v2\/categories?post=148"},{"taxonomy":"post_tag","embeddable":true,"href":"https:\/\/www.sturmtifo.com\/wordpress\/wp-json\/wp\/v2\/tags?post=148"}],"curies":[{"name":"wp","href":"https:\/\/api.w.org\/{rel}","templated":true}]}}